{"id":905,"date":"2021-06-28T12:55:22","date_gmt":"2021-06-28T10:55:22","guid":{"rendered":"http:\/\/pcupv.webs.upv.es\/blog\/?p=905"},"modified":"2021-06-28T12:55:22","modified_gmt":"2021-06-28T10:55:22","slug":"montcaro-2021","status":"publish","type":"post","link":"https:\/\/pcupv.webs.upv.es\/blog\/?p=905","title":{"rendered":"Montcaro 2021"},"content":{"rendered":"\n<p>El 26 de junio de 2021 celebramos la decimosexta ascensi\u00f3n al m\u00edtico Montcaro.<\/p>\n\n\n\n<p>Esta excursi\u00f3n se viene realizando desde el a\u00f1o 1994.<\/p>\n\n\n\n<p>Un grupo de 11 ciclistas provenientes de Ciudad Real, Castell\u00f3n y Valencia, pudimos disfrutar de una magn\u00edfica jornada.<\/p>\n\n\n\n<p>Tras el caf\u00e9 en Tortosa, partimos agrupados hasta el desv\u00edo que marca el inicio del tramo cronometrado.<\/p>\n\n\n\n<figure class=\"wp-block-embed is-type-video is-provider-youtube wp-block-embed-youtube wp-embed-aspect-16-9 wp-has-aspect-ratio\"><div class=\"wp-block-embed__wrapper\">\n<iframe loading=\"lazy\" title=\"Montcaro\" width=\"604\" height=\"340\" src=\"https:\/\/www.youtube.com\/embed\/7IyzQpDaMWA?feature=oembed\" frameborder=\"0\" allow=\"accelerometer; autoplay; clipboard-write; encrypted-media; gyroscope; picture-in-picture; web-share\" referrerpolicy=\"strict-origin-when-cross-origin\" allowfullscreen><\/iframe>\n<\/div><figcaption>Animaci\u00f3n de excursi\u00f3n<\/figcaption><\/figure>\n\n\n\n<figure class=\"wp-block-image size-large\"><a href=\"https:\/\/pcupv.webs.upv.es\/blog\/wp-content\/uploads\/2021\/06\/WhatsApp-Image-2021-06-26-at-15.00.50-1.jpeg\"><img loading=\"lazy\" decoding=\"async\" width=\"1024\" height=\"576\" src=\"https:\/\/pcupv.webs.upv.es\/blog\/wp-content\/uploads\/2021\/06\/WhatsApp-Image-2021-06-26-at-15.00.50-1-1024x576.jpeg\" alt=\"\" class=\"wp-image-906\" srcset=\"https:\/\/pcupv.webs.upv.es\/blog\/wp-content\/uploads\/2021\/06\/WhatsApp-Image-2021-06-26-at-15.00.50-1-1024x576.jpeg 1024w, https:\/\/pcupv.webs.upv.es\/blog\/wp-content\/uploads\/2021\/06\/WhatsApp-Image-2021-06-26-at-15.00.50-1-300x169.jpeg 300w, https:\/\/pcupv.webs.upv.es\/blog\/wp-content\/uploads\/2021\/06\/WhatsApp-Image-2021-06-26-at-15.00.50-1-768x432.jpeg 768w, https:\/\/pcupv.webs.upv.es\/blog\/wp-content\/uploads\/2021\/06\/WhatsApp-Image-2021-06-26-at-15.00.50-1-1536x864.jpeg 1536w, https:\/\/pcupv.webs.upv.es\/blog\/wp-content\/uploads\/2021\/06\/WhatsApp-Image-2021-06-26-at-15.00.50-1-150x84.jpeg 150w, https:\/\/pcupv.webs.upv.es\/blog\/wp-content\/uploads\/2021\/06\/WhatsApp-Image-2021-06-26-at-15.00.50-1-250x141.jpeg 250w, https:\/\/pcupv.webs.upv.es\/blog\/wp-content\/uploads\/2021\/06\/WhatsApp-Image-2021-06-26-at-15.00.50-1.jpeg 2016w\" sizes=\"auto, (max-width: 1024px) 100vw, 1024px\" \/><\/a><figcaption>Vistas desde el mirador del Portell<\/figcaption><\/figure>\n\n\n\n<figure class=\"wp-block-image size-large\"><a href=\"https:\/\/pcupv.webs.upv.es\/blog\/wp-content\/uploads\/2021\/06\/WhatsApp-Image-2021-06-26-at-14.44.24-1.jpeg\"><img loading=\"lazy\" decoding=\"async\" width=\"1024\" height=\"768\" src=\"https:\/\/pcupv.webs.upv.es\/blog\/wp-content\/uploads\/2021\/06\/WhatsApp-Image-2021-06-26-at-14.44.24-1-1024x768.jpeg\" alt=\"\" class=\"wp-image-907\" srcset=\"https:\/\/pcupv.webs.upv.es\/blog\/wp-content\/uploads\/2021\/06\/WhatsApp-Image-2021-06-26-at-14.44.24-1-1024x768.jpeg 1024w, https:\/\/pcupv.webs.upv.es\/blog\/wp-content\/uploads\/2021\/06\/WhatsApp-Image-2021-06-26-at-14.44.24-1-300x225.jpeg 300w, https:\/\/pcupv.webs.upv.es\/blog\/wp-content\/uploads\/2021\/06\/WhatsApp-Image-2021-06-26-at-14.44.24-1-768x576.jpeg 768w, https:\/\/pcupv.webs.upv.es\/blog\/wp-content\/uploads\/2021\/06\/WhatsApp-Image-2021-06-26-at-14.44.24-1-1536x1153.jpeg 1536w, https:\/\/pcupv.webs.upv.es\/blog\/wp-content\/uploads\/2021\/06\/WhatsApp-Image-2021-06-26-at-14.44.24-1-150x113.jpeg 150w, https:\/\/pcupv.webs.upv.es\/blog\/wp-content\/uploads\/2021\/06\/WhatsApp-Image-2021-06-26-at-14.44.24-1-200x150.jpeg 200w, https:\/\/pcupv.webs.upv.es\/blog\/wp-content\/uploads\/2021\/06\/WhatsApp-Image-2021-06-26-at-14.44.24-1.jpeg 1599w\" sizes=\"auto, (max-width: 1024px) 100vw, 1024px\" \/><\/a><figcaption>Foto de grupo en la cima<\/figcaption><\/figure>\n\n\n\n<figure class=\"wp-block-image size-large\"><a href=\"https:\/\/pcupv.webs.upv.es\/blog\/wp-content\/uploads\/2021\/06\/Captura.jpg\" target=\"_blank\" rel=\"https:\/\/www.altimetrias.net\/aspbk\/verPuerto.mobi.asp?id=169 noopener\"><img loading=\"lazy\" decoding=\"async\" width=\"1024\" height=\"526\" src=\"https:\/\/pcupv.webs.upv.es\/blog\/wp-content\/uploads\/2021\/06\/Captura-1024x526.jpg\" alt=\"\" class=\"wp-image-908\" srcset=\"https:\/\/pcupv.webs.upv.es\/blog\/wp-content\/uploads\/2021\/06\/Captura-1024x526.jpg 1024w, https:\/\/pcupv.webs.upv.es\/blog\/wp-content\/uploads\/2021\/06\/Captura-300x154.jpg 300w, https:\/\/pcupv.webs.upv.es\/blog\/wp-content\/uploads\/2021\/06\/Captura-768x395.jpg 768w, https:\/\/pcupv.webs.upv.es\/blog\/wp-content\/uploads\/2021\/06\/Captura-1536x789.jpg 1536w, https:\/\/pcupv.webs.upv.es\/blog\/wp-content\/uploads\/2021\/06\/Captura-150x77.jpg 150w, https:\/\/pcupv.webs.upv.es\/blog\/wp-content\/uploads\/2021\/06\/Captura-250x128.jpg 250w, https:\/\/pcupv.webs.upv.es\/blog\/wp-content\/uploads\/2021\/06\/Captura.jpg 1650w\" sizes=\"auto, (max-width: 1024px) 100vw, 1024px\" \/><\/a><figcaption>Perfil del puerto extra\u00eddo de www.altimetrias.com<\/figcaption><\/figure>\n\n\n\n<p>Tras las fotos en la cima, bajamos de nuevo hasta Tortosa, d\u00f3nde pudimos recuperar fuerzas y contarnos batallitas durante la agradable comida en el restaurante <a rel=\"noreferrer noopener\" href=\"https:\/\/www.tripadvisor.es\/Restaurant_Review-g319798-d2490258-Reviews-Restaurant_El_Riu-Tortosa_Terres_de_l_Ebre_Province_of_Tarragona_Catalonia.html\" target=\"_blank\">el Riu<\/a>, a orillas del Ebro.<\/p>\n\n\n\n<p><a href=\"https:\/\/photos.app.goo.gl\/USt79LpKGHoWAgjM6\" target=\"_blank\" rel=\"noreferrer noopener\">Aqu\u00ed puedes ver las fotos del d\u00eda.<\/a><\/p>\n\n\n\n<p><a href=\"https:\/\/pcupv.webs.upv.es\/blog\/wp-content\/uploads\/2011\/10\/MONTCARO14.pdf\" target=\"_blank\" rel=\"noreferrer noopener\">Aqu\u00ed puedes ver la clasificaci\u00f3n hist\u00f3rica.<\/a><\/p>\n\n\n\n<p><a rel=\"noreferrer noopener\" href=\"https:\/\/www.altimetrias.net\/aspbk\/verPuerto.mobi.asp?id=169\" target=\"_blank\">Aqu\u00ed puedes ver el perfil del puerto en la web de altimetr\u00edas.com<\/a><\/p>\n","protected":false},"excerpt":{"rendered":"<p>El 26 de junio de 2021 celebramos la decimosexta ascensi\u00f3n al m\u00edtico Montcaro. Esta excursi\u00f3n se viene realizando desde el a\u00f1o 1994. Un grupo de 11 ciclistas provenientes de Ciudad Real, Castell\u00f3n y Valencia, pudimos disfrutar de una magn\u00edfica jornada. Tras el caf\u00e9 en Tortosa, partimos agrupados hasta el desv\u00edo que marca el inicio del &hellip; <a href=\"https:\/\/pcupv.webs.upv.es\/blog\/?p=905\" class=\"more-link\">Seguir leyendo <span class=\"screen-reader-text\">Montcaro 2021<\/span> <span class=\"meta-nav\">&rarr;<\/span><\/a><\/p>\n","protected":false},"author":1,"featured_media":0,"comment_status":"closed","ping_status":"closed","sticky":false,"template":"","format":"standard","meta":{"footnotes":""},"categories":[1],"tags":[],"class_list":["post-905","post","type-post","status-publish","format-standard","hentry","category-uncategorized"],"_links":{"self":[{"href":"https:\/\/pcupv.webs.upv.es\/blog\/index.php?rest_route=\/wp\/v2\/posts\/905","targetHints":{"allow":["GET"]}}],"collection":[{"href":"https:\/\/pcupv.webs.upv.es\/blog\/index.php?rest_route=\/wp\/v2\/posts"}],"about":[{"href":"https:\/\/pcupv.webs.upv.es\/blog\/index.php?rest_route=\/wp\/v2\/types\/post"}],"author":[{"embeddable":true,"href":"https:\/\/pcupv.webs.upv.es\/blog\/index.php?rest_route=\/wp\/v2\/users\/1"}],"replies":[{"embeddable":true,"href":"https:\/\/pcupv.webs.upv.es\/blog\/index.php?rest_route=%2Fwp%2Fv2%2Fcomments&post=905"}],"version-history":[{"count":5,"href":"https:\/\/pcupv.webs.upv.es\/blog\/index.php?rest_route=\/wp\/v2\/posts\/905\/revisions"}],"predecessor-version":[{"id":913,"href":"https:\/\/pcupv.webs.upv.es\/blog\/index.php?rest_route=\/wp\/v2\/posts\/905\/revisions\/913"}],"wp:attachment":[{"href":"https:\/\/pcupv.webs.upv.es\/blog\/index.php?rest_route=%2Fwp%2Fv2%2Fmedia&parent=905"}],"wp:term":[{"taxonomy":"category","embeddable":true,"href":"https:\/\/pcupv.webs.upv.es\/blog\/index.php?rest_route=%2Fwp%2Fv2%2Fcategories&post=905"},{"taxonomy":"post_tag","embeddable":true,"href":"https:\/\/pcupv.webs.upv.es\/blog\/index.php?rest_route=%2Fwp%2Fv2%2Ftags&post=905"}],"curies":[{"name":"wp","href":"https:\/\/api.w.org\/{rel}","templated":true}]}}